{"id":297,"date":"2025-03-22T11:52:18","date_gmt":"2025-03-22T11:52:18","guid":{"rendered":"https:\/\/ndeky.org\/?p=297"},"modified":"2025-03-22T11:52:18","modified_gmt":"2025-03-22T11:52:18","slug":"danza-sabar-feb-abril-2025","status":"publish","type":"post","link":"https:\/\/ndeky.org\/index.php\/2025\/03\/22\/danza-sabar-feb-abril-2025\/","title":{"rendered":"Danza Sabar feb-abril 2025"},"content":{"rendered":"\n<p>El monitor del proyecto Ndeky, Atou, m\u00fasico y core\u00f3grafo de Sabar en Saint Louis (Senegal) promueve con la Asociacion Ndeky Africa clases de Sabar, en colaboraci\u00f3n con el Safyde de la Universidad de Extremadura estos meses para generar m\u00e1s desayunos entre los ni\u00f1os y las familias beneficiarias del proyecto Ndeky. <\/p>\n\n\n\n<p>Ven a bailar! acercate a la cultura de Senegal, y si no puedes, colabora desde nuestra pagina web (secci\u00f3n colabora). Jerejeff!! Gracias!!<\/p>\n\n\n\n<figure class=\"wp-block-embed is-type-video is-provider-youtube wp-block-embed-youtube wp-embed-aspect-16-9 wp-has-aspect-ratio\"><div class=\"wp-block-embed__wrapper\">\n<iframe loading=\"lazy\" title=\"Danza Sabar Ndeky 2025\" width=\"1200\" height=\"675\" src=\"https:\/\/www.youtube.com\/embed\/fdAHkkK7UrU?feature=oembed\" frameborder=\"0\" allow=\"accelerometer; autoplay; clipboard-write; encrypted-media; gyroscope; picture-in-picture; web-share\" referrerpolicy=\"strict-origin-when-cross-origin\" allowfullscreen><\/iframe>\n<\/div><\/figure>\n\n\n\n<p><\/p>\n","protected":false},"excerpt":{"rendered":"<p>El monitor del proyecto Ndeky, Atou, m\u00fasico y core\u00f3grafo de Sabar en Saint Louis (Senegal) promueve con la Asociacion Ndeky Africa clases de Sabar, en colaboraci\u00f3n con el Safyde de la Universidad de Extremadura estos meses para generar m\u00e1s desayunos entre los ni\u00f1os y las familias beneficiarias del proyecto Ndeky. Ven a bailar! acercate a &#8230; <a title=\"Danza Sabar feb-abril 2025\" class=\"read-more\" href=\"https:\/\/ndeky.org\/index.php\/2025\/03\/22\/danza-sabar-feb-abril-2025\/\" aria-label=\"Read more about Danza Sabar feb-abril 2025\">Read more<\/a><\/p>\n","protected":false},"author":1,"featured_media":0,"comment_status":"open","ping_status":"open","sticky":false,"template":"","format":"standard","meta":{"footnotes":""},"categories":[1],"tags":[],"class_list":["post-297","post","type-post","status-publish","format-standard","hentry","category-cepillos-de-dientes"],"yoast_head":"<!-- This site is optimized with the Yoast SEO plugin v27.0 - https:\/\/yoast.com\/product\/yoast-seo-wordpress\/ -->\n<title>Danza Sabar feb-abril 2025 - Proyecto Ndeky<\/title>\n<meta name=\"robots\" content=\"index, follow, max-snippet:-1, max-image-preview:large, max-video-preview:-1\" \/>\n<link rel=\"canonical\" href=\"https:\/\/ndeky.org\/index.php\/2025\/03\/22\/danza-sabar-feb-abril-2025\/\" \/>\n<meta property=\"og:locale\" content=\"en_US\" \/>\n<meta property=\"og:type\" content=\"article\" \/>\n<meta property=\"og:title\" content=\"Danza Sabar feb-abril 2025 - Proyecto Ndeky\" \/>\n<meta property=\"og:description\" content=\"El monitor del proyecto Ndeky, Atou, m\u00fasico y core\u00f3grafo de Sabar en Saint Louis (Senegal) promueve con la Asociacion Ndeky Africa clases de Sabar, en colaboraci\u00f3n con el Safyde de la Universidad de Extremadura estos meses para generar m\u00e1s desayunos entre los ni\u00f1os y las familias beneficiarias del proyecto Ndeky. Ven a bailar! acercate a ... Read more\" \/>\n<meta property=\"og:url\" content=\"https:\/\/ndeky.org\/index.php\/2025\/03\/22\/danza-sabar-feb-abril-2025\/\" \/>\n<meta property=\"og:site_name\" content=\"Proyecto Ndeky\" \/>\n<meta property=\"article:publisher\" content=\"https:\/\/www.facebook.com\/profile.php?id=100093903516674\" \/>\n<meta property=\"article:published_time\" content=\"2025-03-22T11:52:18+00:00\" \/>\n<meta name=\"author\" content=\"Susi\" \/>\n<meta name=\"twitter:card\" content=\"summary_large_image\" \/>\n<meta name=\"twitter:label1\" content=\"Written by\" \/>\n\t<meta name=\"twitter:data1\" content=\"Susi\" \/>\n<script type=\"application\/ld+json\" class=\"yoast-schema-graph\">{\"@context\":\"https:\/\/schema.org\",\"@graph\":[{\"@type\":\"Article\",\"@id\":\"https:\/\/ndeky.org\/index.php\/2025\/03\/22\/danza-sabar-feb-abril-2025\/#article\",\"isPartOf\":{\"@id\":\"https:\/\/ndeky.org\/index.php\/2025\/03\/22\/danza-sabar-feb-abril-2025\/\"},\"author\":{\"name\":\"Susi\",\"@id\":\"https:\/\/ndeky.org\/#\/schema\/person\/91c8ae26be9f9ff15c581877ac1c89c9\"},\"headline\":\"Danza Sabar feb-abril 2025\",\"datePublished\":\"2025-03-22T11:52:18+00:00\",\"mainEntityOfPage\":{\"@id\":\"https:\/\/ndeky.org\/index.php\/2025\/03\/22\/danza-sabar-feb-abril-2025\/\"},\"wordCount\":87,\"commentCount\":0,\"publisher\":{\"@id\":\"https:\/\/ndeky.org\/#organization\"},\"articleSection\":[\"Cepillos de dientes\"],\"inLanguage\":\"en-US\",\"potentialAction\":[{\"@type\":\"CommentAction\",\"name\":\"Comment\",\"target\":[\"https:\/\/ndeky.org\/index.php\/2025\/03\/22\/danza-sabar-feb-abril-2025\/#respond\"]}]},{\"@type\":\"WebPage\",\"@id\":\"https:\/\/ndeky.org\/index.php\/2025\/03\/22\/danza-sabar-feb-abril-2025\/\",\"url\":\"https:\/\/ndeky.org\/index.php\/2025\/03\/22\/danza-sabar-feb-abril-2025\/\",\"name\":\"Danza Sabar feb-abril 2025 - Proyecto Ndeky\",\"isPartOf\":{\"@id\":\"https:\/\/ndeky.org\/#website\"},\"datePublished\":\"2025-03-22T11:52:18+00:00\",\"breadcrumb\":{\"@id\":\"https:\/\/ndeky.org\/index.php\/2025\/03\/22\/danza-sabar-feb-abril-2025\/#breadcrumb\"},\"inLanguage\":\"en-US\",\"potentialAction\":[{\"@type\":\"ReadAction\",\"target\":[\"https:\/\/ndeky.org\/index.php\/2025\/03\/22\/danza-sabar-feb-abril-2025\/\"]}]},{\"@type\":\"BreadcrumbList\",\"@id\":\"https:\/\/ndeky.org\/index.php\/2025\/03\/22\/danza-sabar-feb-abril-2025\/#breadcrumb\",\"itemListElement\":[{\"@type\":\"ListItem\",\"position\":1,\"name\":\"Home\",\"item\":\"https:\/\/ndeky.org\/\"},{\"@type\":\"ListItem\",\"position\":2,\"name\":\"Danza Sabar feb-abril 2025\"}]},{\"@type\":\"WebSite\",\"@id\":\"https:\/\/ndeky.org\/#website\",\"url\":\"https:\/\/ndeky.org\/\",\"name\":\"Proyecto Ndeky\",\"description\":\"Proyecto para infancia en Saint Louis, Senegal\",\"publisher\":{\"@id\":\"https:\/\/ndeky.org\/#organization\"},\"potentialAction\":[{\"@type\":\"SearchAction\",\"target\":{\"@type\":\"EntryPoint\",\"urlTemplate\":\"https:\/\/ndeky.org\/?s={search_term_string}\"},\"query-input\":{\"@type\":\"PropertyValueSpecification\",\"valueRequired\":true,\"valueName\":\"search_term_string\"}}],\"inLanguage\":\"en-US\"},{\"@type\":\"Organization\",\"@id\":\"https:\/\/ndeky.org\/#organization\",\"name\":\"Asociaci\u00f3n Ndeky \u00c1frica\",\"url\":\"https:\/\/ndeky.org\/\",\"logo\":{\"@type\":\"ImageObject\",\"inLanguage\":\"en-US\",\"@id\":\"https:\/\/ndeky.org\/#\/schema\/logo\/image\/\",\"url\":\"https:\/\/ndeky.org\/wp-content\/uploads\/2025\/06\/cropped-android-icon-48x48-1.png\",\"contentUrl\":\"https:\/\/ndeky.org\/wp-content\/uploads\/2025\/06\/cropped-android-icon-48x48-1.png\",\"width\":48,\"height\":48,\"caption\":\"Asociaci\u00f3n Ndeky \u00c1frica\"},\"image\":{\"@id\":\"https:\/\/ndeky.org\/#\/schema\/logo\/image\/\"},\"sameAs\":[\"https:\/\/www.facebook.com\/profile.php?id=100093903516674\",\"https:\/\/www.instagram.com\/proyectondeky\"]},{\"@type\":\"Person\",\"@id\":\"https:\/\/ndeky.org\/#\/schema\/person\/91c8ae26be9f9ff15c581877ac1c89c9\",\"name\":\"Susi\",\"image\":{\"@type\":\"ImageObject\",\"inLanguage\":\"en-US\",\"@id\":\"https:\/\/ndeky.org\/#\/schema\/person\/image\/\",\"url\":\"https:\/\/secure.gravatar.com\/avatar\/e270d35192f28f6c304b505a84d7b366d0e9b7d1e7526c67efd8bc2dd1aff374?s=96&d=mm&r=g\",\"contentUrl\":\"https:\/\/secure.gravatar.com\/avatar\/e270d35192f28f6c304b505a84d7b366d0e9b7d1e7526c67efd8bc2dd1aff374?s=96&d=mm&r=g\",\"caption\":\"Susi\"},\"sameAs\":[\"http:\/\/ndeky.org\"],\"url\":\"https:\/\/ndeky.org\/index.php\/author\/admin8031\/\"}]}<\/script>\n<!-- \/ Yoast SEO plugin. -->","yoast_head_json":{"title":"Danza Sabar feb-abril 2025 - Proyecto Ndeky","robots":{"index":"index","follow":"follow","max-snippet":"max-snippet:-1","max-image-preview":"max-image-preview:large","max-video-preview":"max-video-preview:-1"},"canonical":"https:\/\/ndeky.org\/index.php\/2025\/03\/22\/danza-sabar-feb-abril-2025\/","og_locale":"en_US","og_type":"article","og_title":"Danza Sabar feb-abril 2025 - Proyecto Ndeky","og_description":"El monitor del proyecto Ndeky, Atou, m\u00fasico y core\u00f3grafo de Sabar en Saint Louis (Senegal) promueve con la Asociacion Ndeky Africa clases de Sabar, en colaboraci\u00f3n con el Safyde de la Universidad de Extremadura estos meses para generar m\u00e1s desayunos entre los ni\u00f1os y las familias beneficiarias del proyecto Ndeky. Ven a bailar! acercate a ... Read more","og_url":"https:\/\/ndeky.org\/index.php\/2025\/03\/22\/danza-sabar-feb-abril-2025\/","og_site_name":"Proyecto Ndeky","article_publisher":"https:\/\/www.facebook.com\/profile.php?id=100093903516674","article_published_time":"2025-03-22T11:52:18+00:00","author":"Susi","twitter_card":"summary_large_image","twitter_misc":{"Written by":"Susi"},"schema":{"@context":"https:\/\/schema.org","@graph":[{"@type":"Article","@id":"https:\/\/ndeky.org\/index.php\/2025\/03\/22\/danza-sabar-feb-abril-2025\/#article","isPartOf":{"@id":"https:\/\/ndeky.org\/index.php\/2025\/03\/22\/danza-sabar-feb-abril-2025\/"},"author":{"name":"Susi","@id":"https:\/\/ndeky.org\/#\/schema\/person\/91c8ae26be9f9ff15c581877ac1c89c9"},"headline":"Danza Sabar feb-abril 2025","datePublished":"2025-03-22T11:52:18+00:00","mainEntityOfPage":{"@id":"https:\/\/ndeky.org\/index.php\/2025\/03\/22\/danza-sabar-feb-abril-2025\/"},"wordCount":87,"commentCount":0,"publisher":{"@id":"https:\/\/ndeky.org\/#organization"},"articleSection":["Cepillos de dientes"],"inLanguage":"en-US","potentialAction":[{"@type":"CommentAction","name":"Comment","target":["https:\/\/ndeky.org\/index.php\/2025\/03\/22\/danza-sabar-feb-abril-2025\/#respond"]}]},{"@type":"WebPage","@id":"https:\/\/ndeky.org\/index.php\/2025\/03\/22\/danza-sabar-feb-abril-2025\/","url":"https:\/\/ndeky.org\/index.php\/2025\/03\/22\/danza-sabar-feb-abril-2025\/","name":"Danza Sabar feb-abril 2025 - Proyecto Ndeky","isPartOf":{"@id":"https:\/\/ndeky.org\/#website"},"datePublished":"2025-03-22T11:52:18+00:00","breadcrumb":{"@id":"https:\/\/ndeky.org\/index.php\/2025\/03\/22\/danza-sabar-feb-abril-2025\/#breadcrumb"},"inLanguage":"en-US","potentialAction":[{"@type":"ReadAction","target":["https:\/\/ndeky.org\/index.php\/2025\/03\/22\/danza-sabar-feb-abril-2025\/"]}]},{"@type":"BreadcrumbList","@id":"https:\/\/ndeky.org\/index.php\/2025\/03\/22\/danza-sabar-feb-abril-2025\/#breadcrumb","itemListElement":[{"@type":"ListItem","position":1,"name":"Home","item":"https:\/\/ndeky.org\/"},{"@type":"ListItem","position":2,"name":"Danza Sabar feb-abril 2025"}]},{"@type":"WebSite","@id":"https:\/\/ndeky.org\/#website","url":"https:\/\/ndeky.org\/","name":"Proyecto Ndeky","description":"Proyecto para infancia en Saint Louis, Senegal","publisher":{"@id":"https:\/\/ndeky.org\/#organization"},"potentialAction":[{"@type":"SearchAction","target":{"@type":"EntryPoint","urlTemplate":"https:\/\/ndeky.org\/?s={search_term_string}"},"query-input":{"@type":"PropertyValueSpecification","valueRequired":true,"valueName":"search_term_string"}}],"inLanguage":"en-US"},{"@type":"Organization","@id":"https:\/\/ndeky.org\/#organization","name":"Asociaci\u00f3n Ndeky \u00c1frica","url":"https:\/\/ndeky.org\/","logo":{"@type":"ImageObject","inLanguage":"en-US","@id":"https:\/\/ndeky.org\/#\/schema\/logo\/image\/","url":"https:\/\/ndeky.org\/wp-content\/uploads\/2025\/06\/cropped-android-icon-48x48-1.png","contentUrl":"https:\/\/ndeky.org\/wp-content\/uploads\/2025\/06\/cropped-android-icon-48x48-1.png","width":48,"height":48,"caption":"Asociaci\u00f3n Ndeky \u00c1frica"},"image":{"@id":"https:\/\/ndeky.org\/#\/schema\/logo\/image\/"},"sameAs":["https:\/\/www.facebook.com\/profile.php?id=100093903516674","https:\/\/www.instagram.com\/proyectondeky"]},{"@type":"Person","@id":"https:\/\/ndeky.org\/#\/schema\/person\/91c8ae26be9f9ff15c581877ac1c89c9","name":"Susi","image":{"@type":"ImageObject","inLanguage":"en-US","@id":"https:\/\/ndeky.org\/#\/schema\/person\/image\/","url":"https:\/\/secure.gravatar.com\/avatar\/e270d35192f28f6c304b505a84d7b366d0e9b7d1e7526c67efd8bc2dd1aff374?s=96&d=mm&r=g","contentUrl":"https:\/\/secure.gravatar.com\/avatar\/e270d35192f28f6c304b505a84d7b366d0e9b7d1e7526c67efd8bc2dd1aff374?s=96&d=mm&r=g","caption":"Susi"},"sameAs":["http:\/\/ndeky.org"],"url":"https:\/\/ndeky.org\/index.php\/author\/admin8031\/"}]}},"_links":{"self":[{"href":"https:\/\/ndeky.org\/index.php\/wp-json\/wp\/v2\/posts\/297","targetHints":{"allow":["GET"]}}],"collection":[{"href":"https:\/\/ndeky.org\/index.php\/wp-json\/wp\/v2\/posts"}],"about":[{"href":"https:\/\/ndeky.org\/index.php\/wp-json\/wp\/v2\/types\/post"}],"author":[{"embeddable":true,"href":"https:\/\/ndeky.org\/index.php\/wp-json\/wp\/v2\/users\/1"}],"replies":[{"embeddable":true,"href":"https:\/\/ndeky.org\/index.php\/wp-json\/wp\/v2\/comments?post=297"}],"version-history":[{"count":1,"href":"https:\/\/ndeky.org\/index.php\/wp-json\/wp\/v2\/posts\/297\/revisions"}],"predecessor-version":[{"id":298,"href":"https:\/\/ndeky.org\/index.php\/wp-json\/wp\/v2\/posts\/297\/revisions\/298"}],"wp:attachment":[{"href":"https:\/\/ndeky.org\/index.php\/wp-json\/wp\/v2\/media?parent=297"}],"wp:term":[{"taxonomy":"category","embeddable":true,"href":"https:\/\/ndeky.org\/index.php\/wp-json\/wp\/v2\/categories?post=297"},{"taxonomy":"post_tag","embeddable":true,"href":"https:\/\/ndeky.org\/index.php\/wp-json\/wp\/v2\/tags?post=297"}],"curies":[{"name":"wp","href":"https:\/\/api.w.org\/{rel}","templated":true}]}}